{"id":58,"date":"2017-02-25T02:09:03","date_gmt":"2017-02-25T02:09:03","guid":{"rendered":"http:\/\/cambiable-nutricion.com\/blog\/?p=58"},"modified":"2017-10-17T19:32:36","modified_gmt":"2017-10-18T00:32:36","slug":"mas-vale-prevenir-que-lamentar","status":"publish","type":"post","link":"https:\/\/cambiable-nutricion.com\/blog\/index.php\/2017\/02\/25\/mas-vale-prevenir-que-lamentar\/","title":{"rendered":"\u201cM\u00c1S VALE PREVENIR QUE LAMENTAR\u201d"},"content":{"rendered":"<p><span style=\"color: #92c13e;\"><img loading=\"lazy\" class=\"aligncenter wp-image-59 size-large\" src=\"http:\/\/cambiable-nutricion.com\/blog\/wp-content\/uploads\/2017\/02\/pexels-photo-48637-1024x681.jpg\" width=\"584\" height=\"388\" srcset=\"https:\/\/cambiable-nutricion.com\/blog\/wp-content\/uploads\/2017\/02\/pexels-photo-48637-1024x681.jpg 1024w, https:\/\/cambiable-nutricion.com\/blog\/wp-content\/uploads\/2017\/02\/pexels-photo-48637-300x199.jpg 300w, https:\/\/cambiable-nutricion.com\/blog\/wp-content\/uploads\/2017\/02\/pexels-photo-48637-768x511.jpg 768w, https:\/\/cambiable-nutricion.com\/blog\/wp-content\/uploads\/2017\/02\/pexels-photo-48637-451x300.jpg 451w\" sizes=\"(max-width: 584px) 100vw, 584px\" \/><\/span><\/p>\n<p style=\"text-align: left;\"><span style=\"color: #808080;\">Seguramente todos hemos escuchado el refr\u00e1n que dice<span style=\"color: #7c84c0;\"><em> \u201cM\u00e1s vale prevenir que lamentar\u201d,<\/em> <\/span>en temas de salud y prevenci\u00f3n, es un refr\u00e1n perfecto para recordar que todos debemos tomar medidas para mantenernos en un estado \u00f3ptimo de <strong><span style=\"color: #92c13e;\">salud<\/span>. <\/strong><\/span><\/p>\n<blockquote>\n<h5 style=\"text-align: right;\"><span style=\"color: #7c84c0;\"><strong>La salud es un estado de completo bienestar f\u00edsico, mental y social, y no solamente la ausencia de afecciones o enfermedades &#8220;. <\/strong><\/span><\/h5>\n<h5 style=\"text-align: right;\"><span style=\"color: #7c84c0;\">(Cita procedente del Pre\u00e1mbulo de la Constituci\u00f3n de la Organizaci\u00f3n Mundial de la Salud).<\/span><\/h5>\n<\/blockquote>\n<p style=\"text-align: left;\"><span style=\"color: #808080;\">Dentro de dichas medidas se encuentran los chequeos m\u00e9dicos. Un <span style=\"color: #92c13e;\"><strong>chequeo m\u00e9dico<\/strong> <\/span>consiste en una visita m\u00e9dica enfocada a detectar factores de riesgo y, con base en ellos, determinar si es necesario complementar la valoraci\u00f3n con estudios bioqu\u00edmicos.<\/span><\/p>\n<p style=\"text-align: left;\"><span style=\"color: #808080;\">La entrevista m\u00e9dica y la realizaci\u00f3n de estudios complementarios son la \u00fanica forma de detectar a tiempo enfermedades denominadas \u201csilenciosas\u201d, las cu\u00e1les se caracterizan por presentar s\u00edntomas sutiles que en muchas ocasiones pasan inadvertidos y se identifican cuando hay complicaciones asociadas a la enfermedad.<\/span><\/p>\n<p><span style=\"color: #808080;\">Los chequeos m\u00e9dicos permiten tomar acciones enfocadas a corregir los factores de riesgo asociados a enfermedades, logrando prevenirlas y mejorar nuestro <span style=\"color: #7c84c0;\"><strong>bienestar<\/strong><\/span> y <span style=\"color: #92c13e;\"><strong>calidad de vida<\/strong>.<\/span><\/span><\/p>\n<p><span style=\"color: #808080;\">Sin importar nuestra edad y sexo, todos debemos visitar al m\u00e9dico de forma regular, aun cuando pensemos que estamos completamente sanos, ya que estos chequeos tambi\u00e9n nos permiten ampliar nuestros conocimientos en temas de salud y prevenci\u00f3n.<\/span><\/p>\n<p><span style=\"color: #808080;\">En nuestros d\u00edas, varias de las enfermedades conocidas como cr\u00f3nico degenerativas (Diabetes, Hipertensi\u00f3n Arterial, Dislipidemias, etc.), se asocian a nuestra forma de alimentarnos y a nuestro peso. Es por ello que los profesionales de la salud recomendamos, como un primer nivel de prevenci\u00f3n, la evaluaci\u00f3n de nuestro peso y h\u00e1bitos de alimentaci\u00f3n. El profesional encargado de llevar a cabo este chequeo es el nutri\u00f3logo.<\/span><\/p>\n<p><span style=\"color: #808080;\">El nutri\u00f3logo cuenta con las herramientas y conocimientos necesarios para determinar si tu estado actual de nutrici\u00f3n es un factor de riesgo o de prevenci\u00f3n y con base en ello informarte y orientarte con la finalidad de reducir y\/o controlar los factores de riesgo y mantener los factores protectores.<\/span><\/p>\n<p><span style=\"color: #808080;\"><span style=\"color: #7c84c0;\"><strong>\u00a1En Cambiable te ayudamos a prevenir!<\/strong> <\/span>A trav\u00e9s de nuestra <span style=\"color: #7c84c0;\"><span style=\"color: #92c13e;\"><strong>&#8220;Consulta de Diagn\u00f3stico y Evaluaci\u00f3n\u201d<\/strong><\/span> <a href=\"http:\/\/www.cambiable-nutricion.com\/#etapas\">http:\/\/www.cambiable-nutricion.com\/#etapas<\/a>,<\/span> enfocada a determinar si tu peso, composici\u00f3n corporal y h\u00e1bitos de alimentaci\u00f3n contribuyen a mantenerte o alejarte del estado de salud \u00f3ptimo, <strong><span style=\"color: #7c84c0;\">te ayudamos a dar el primer paso hacia tu bienestar<\/span><\/strong>.<\/span><\/p>\n<p><span style=\"color: #808080;\"><span style=\"color: #92c13e;\"><strong>\u00a1Vis\u00edtanos! <\/strong><a href=\"http:\/\/www.cambiable-nutricion.com\/#contacto\">http:\/\/www.cambiable-nutricion.com\/#contacto<\/a><\/span><\/span><\/p>\n<p><span style=\"color: #808080;\">Recuerda que, aunque el ritmo de la vida diaria puede hacerte pensar que no tienes tiempo, encontrar de 30 a 45 minutos de tu agenda para acudir a tu especialista puede garantizarte a\u00f1os de calidad de vida.<\/span><\/p>\n<p><span style=\"color: #808080;\">A\u00fan est\u00e1s a tiempo de cambiar \u2013<span style=\"color: #7c84c0;\"><strong>empieza por prevenir m\u00e1s y lamentar menos<\/strong><\/span>\u2013 acude a tu especialista m\u00e1s cercano.<\/span><\/p>\n<p>&nbsp;<\/p>\n<p><strong><span style=\"color: #808080;\">Art\u00edculo escrito por:<\/span><\/strong><\/p>\n<p><span style=\"color: #92c13e;\"><strong>Clara Paula Zepahua Cotlame<\/strong><\/span><\/p>\n<p><span style=\"color: #7c84c0;\"><strong>Nutri\u00f3loga\/ Coach Nutricional<\/strong><\/span><\/p>\n<p><a href=\"mailto:clara@cambiable-nutricion.com\"><span style=\"color: #808080;\">clara@cambiable-nutricion.com<\/span><\/a><\/p>\n<p>&nbsp;<\/p>\n<p>&nbsp;<\/p>\n<p>&nbsp;<\/p>\n","protected":false},"excerpt":{"rendered":"<p>Seguramente todos hemos escuchado el refr\u00e1n que dice \u201cM\u00e1s vale prevenir que lamentar\u201d, en temas de salud y prevenci\u00f3n, es &hellip; <\/p>\n<p><a href=\"https:\/\/cambiable-nutricion.com\/blog\/index.php\/2017\/02\/25\/mas-vale-prevenir-que-lamentar\/\" class=\"more-link\">Read More<\/a><\/p>\n","protected":false},"author":2,"featured_media":0,"comment_status":"open","ping_status":"open","sticky":false,"template":"","format":"standard","meta":{"om_disable_all_campaigns":false,"spay_email":""},"categories":[5],"tags":[],"jetpack_featured_media_url":"","_links":{"self":[{"href":"https:\/\/cambiable-nutricion.com\/blog\/index.php\/wp-json\/wp\/v2\/posts\/58"}],"collection":[{"href":"https:\/\/cambiable-nutricion.com\/blog\/index.php\/wp-json\/wp\/v2\/posts"}],"about":[{"href":"https:\/\/cambiable-nutricion.com\/blog\/index.php\/wp-json\/wp\/v2\/types\/post"}],"author":[{"embeddable":true,"href":"https:\/\/cambiable-nutricion.com\/blog\/index.php\/wp-json\/wp\/v2\/users\/2"}],"replies":[{"embeddable":true,"href":"https:\/\/cambiable-nutricion.com\/blog\/index.php\/wp-json\/wp\/v2\/comments?post=58"}],"version-history":[{"count":30,"href":"https:\/\/cambiable-nutricion.com\/blog\/index.php\/wp-json\/wp\/v2\/posts\/58\/revisions"}],"predecessor-version":[{"id":130,"href":"https:\/\/cambiable-nutricion.com\/blog\/index.php\/wp-json\/wp\/v2\/posts\/58\/revisions\/130"}],"wp:attachment":[{"href":"https:\/\/cambiable-nutricion.com\/blog\/index.php\/wp-json\/wp\/v2\/media?parent=58"}],"wp:term":[{"taxonomy":"category","embeddable":true,"href":"https:\/\/cambiable-nutricion.com\/blog\/index.php\/wp-json\/wp\/v2\/categories?post=58"},{"taxonomy":"post_tag","embeddable":true,"href":"https:\/\/cambiable-nutricion.com\/blog\/index.php\/wp-json\/wp\/v2\/tags?post=58"}],"curies":[{"name":"wp","href":"https:\/\/api.w.org\/{rel}","templated":true}]}}