{"id":216,"date":"2017-11-30T11:20:47","date_gmt":"2017-11-30T17:20:47","guid":{"rendered":"http:\/\/cambiable-nutricion.com\/blog\/?p=216"},"modified":"2024-01-18T18:20:54","modified_gmt":"2024-01-19T00:20:54","slug":"clara-paula-zepahua-cotlame","status":"publish","type":"post","link":"https:\/\/cambiable-nutricion.com\/blog\/index.php\/2017\/11\/30\/clara-paula-zepahua-cotlame\/","title":{"rendered":"CLARA PAULA ZEPAHUA COTLAME"},"content":{"rendered":"<p><img loading=\"lazy\" class=\"size-medium wp-image-251 alignleft\" src=\"http:\/\/cambiable-nutricion.com\/blog\/wp-content\/uploads\/2017\/11\/BeautyPlus_20171128180648_save-220x300.jpg\" alt=\"\" width=\"220\" height=\"300\" srcset=\"https:\/\/cambiable-nutricion.com\/blog\/wp-content\/uploads\/2017\/11\/BeautyPlus_20171128180648_save-220x300.jpg 220w, https:\/\/cambiable-nutricion.com\/blog\/wp-content\/uploads\/2017\/11\/BeautyPlus_20171128180648_save.jpg 720w\" sizes=\"(max-width: 220px) 100vw, 220px\" \/><\/p>\n<p><span style=\"color: #808080;\"><strong><span style=\"color: #92c13e;\">Clara<\/span><\/strong> es<strong><span style=\"color: #7c84c0;\"> N<\/span><span style=\"color: #7c84c0;\">UTRI\u00d3LOGA <span style=\"color: #92c13e;\">CL\u00cdNICA<\/span><\/span>&nbsp;FUNDADORA&nbsp;<\/strong>&nbsp;del proyecto <span style=\"color: #7c84c0;\">Cambiable-Nutrici\u00f3n<\/span>; realiz\u00f3 un largo y exitoso trayecto desde su natal Veracruz hasta la Ciudad de M\u00e9xico donde se estableci\u00f3 en 2011.<\/span><\/p>\n<p><span style=\"color: #808080;\">Egresada de la <strong>UNIVERSIDAD VERACRUZANA, CAMPUS XALAPA<\/strong>, en donde su investigaci\u00f3n de<strong><span style=\"color: #7c84c0;\"> TESIS<\/span> <\/strong>fue <\/span><span style=\"color: #808080;\"><span style=\"color: #92c13e;\"><b>PRESENTADA<\/b><\/span><span style=\"color: #808080;\">&nbsp;en la <strong>modalidad de cartel<\/strong> en el XXIII Congreso Nacional de la AMMFEN&nbsp; <\/span><strong style=\"color: #808080;\">y<\/strong><span style=\"color: #808080;\">&nbsp;<\/span><span style=\"color: #7c84c0;\"><b>PUBLICADA<\/b><\/span><\/span><span style=\"color: #808080;\">&nbsp;por la <strong>Revista Chilena de Nutrici\u00f3n en 2009.&nbsp;<\/strong><\/span><\/p>\n<p><span style=\"color: #808080;\">Su trayectoria a partir de ese momento se concentro en el <strong><span style=\"color: #92c13e;\">DESARROLLO<\/span><\/strong> de la <strong><span style=\"color: #7c84c0;\">CONSULTA PRIVADA<\/span><\/strong>, abarcando \u00e1reas de <strong>capacitaci\u00f3n de personal, desarrollo de&nbsp; una plataforma de educaci\u00f3n y mejora continua para nutri\u00f3logas y pacientes<\/strong>, lo cu\u00e1l motivo su ingreso a la maestr\u00eda en nutrici\u00f3n cl\u00ednica, gradu\u00e1ndose en el 2015 y&nbsp;<\/span><span style=\"color: #808080;\">recibiendo el reconocimiento como <strong><span style=\"color: #92c13e;\">MIEMBRO<\/span><\/strong> de<strong><span style=\"color: #7c84c0;\"> Laureate International Universities (LIU)<\/span><\/strong>.<\/span><\/p>\n<p><span style=\"color: #808080;\">La <strong><span style=\"color: #92c13e;\">SENSIBILIDAD<\/span><\/strong> y el <strong><span style=\"color: #7c84c0;\">COMPROMISO<\/span><\/strong> de Clara con sus pacientes la han motivado a prepararse intensamente en el \u00e1rea de <strong><span style=\"color: #92c13e;\">COACHING<\/span><\/strong> y aplicaci\u00f3n de<strong><span style=\"color: #7c84c0;\">&nbsp;HABILIDADES PSICOL\u00d3GICAS<\/span><\/strong> en la atenci\u00f3n de pacientes en consultas nutricionales privadas, siendo <span style=\"color: #92c13e;\"><strong>coac<span style=\"color: #92c13e;\">h<\/span> certificada<\/strong><\/span> por parte de <strong>IAC Coaching Masteries. <\/strong><\/span><\/p>\n<p><span style=\"color: #808080;\">&nbsp;<img loading=\"lazy\" class=\"size-medium wp-image-242 alignleft\" src=\"http:\/\/cambiable-nutricion.com\/blog\/wp-content\/uploads\/2017\/11\/20150115_150019-e1511912274143-169x300.jpg\" alt=\"\" width=\"169\" height=\"300\" srcset=\"https:\/\/cambiable-nutricion.com\/blog\/wp-content\/uploads\/2017\/11\/20150115_150019-e1511912274143-169x300.jpg 169w, https:\/\/cambiable-nutricion.com\/blog\/wp-content\/uploads\/2017\/11\/20150115_150019-e1511912274143-768x1365.jpg 768w, https:\/\/cambiable-nutricion.com\/blog\/wp-content\/uploads\/2017\/11\/20150115_150019-e1511912274143-576x1024.jpg 576w\" sizes=\"(max-width: 169px) 100vw, 169px\" \/>Con su trabajo ha <strong>logrado <\/strong>el <strong><span style=\"color: #7c84c0;\">PROP\u00d3SITO<\/span><\/strong> de colocar el proceso del cambio de h\u00e1bitos, conducta alimentaria y del estilo de vida como algo <strong><span style=\"color: #92c13e;\">ACCESIBLE<\/span><\/strong>, <span style=\"color: #7c84c0;\"><strong>POSIBLE<\/strong><\/span> y <strong><span style=\"color: #92c13e;\">AMIGABLE<\/span><\/strong> en donde <strong style=\"color: #333333;\"><span style=\"color: #808080;\">el paciente participa de manera <\/span><span style=\"color: #7c84c0;\">DIN\u00c1MICA, <\/span><\/strong><span style=\"color: #7c84c0;\"><span style=\"color: #808080;\">gui\u00e1ndolo en la<\/span><\/span>&nbsp;utilizaci\u00f3n \u00f3ptima de<strong><span style=\"color: #92c13e;\">&nbsp;<\/span><\/strong>sus<strong><span style=\"color: #92c13e;\"> RECURSOS<\/span><\/strong>&nbsp;e implementando&nbsp;<strong><span style=\"color: #7c84c0;\">ESTRATEGIAS<\/span> <\/strong>que mejoran su calidad de vida.&nbsp;<\/span><\/p>\n<p><span style=\"color: #808080;\">De igual forma en su tiempo libre, <strong><span style=\"color: #92c13e;\">Clara<\/span><\/strong> disfruta de pasar el tiempo en largas <strong><span style=\"color: #7c84c0;\">CAMINATAS<\/span><\/strong> donde siempre degusta un delicioso<strong><span style=\"color: #92c13e;\">&nbsp;<\/span><span style=\"color: #92c13e;\">CAF\u00c9<\/span><span style=\"color: #92c13e;\">&nbsp;<\/span><\/strong>y busca de <strong>novedades<\/strong><\/span><span style=\"color: #808080;\"><span style=\"color: #808080;\">&nbsp;para recomendar a sus pacientes. Durante \u00e9stos momentos de <\/span><span style=\"color: #7c84c0;\"><strong>ESPONTANEIDAD<\/strong><\/span><span style=\"color: #808080;\"> se enfoca en la creaci\u00f3n de nuevos proyectos tanto personales como profesionales.&nbsp;<\/span><\/span><\/p>\n<p><strong><span style=\"color: #808080;\">Rese\u00f1a escrita por:<\/span><\/strong><\/p>\n<p><strong><span style=\"color: #92c13e;\">Isabel Trujillo Cano&nbsp;<\/span><\/strong><\/p>\n<p><span style=\"color: #7c84c0;\"><strong>Nutri\u00f3loga Infantil<\/strong><\/span><\/p>\n<p><span style=\"color: #808080;\"><strong>isabel@cambiable-nutricion.com<\/strong><\/span><\/p>\n","protected":false},"excerpt":{"rendered":"<p>Clara es NUTRI\u00d3LOGA CL\u00cdNICA&nbsp;FUNDADORA&nbsp;&nbsp;del proyecto Cambiable-Nutrici\u00f3n; realiz\u00f3 un largo y exitoso trayecto desde su natal Veracruz hasta la Ciudad de &hellip; <\/p>\n<p><a href=\"https:\/\/cambiable-nutricion.com\/blog\/index.php\/2017\/11\/30\/clara-paula-zepahua-cotlame\/\" class=\"more-link\">Read More<\/a><\/p>\n","protected":false},"author":3,"featured_media":0,"comment_status":"open","ping_status":"open","sticky":false,"template":"","format":"standard","meta":{"om_disable_all_campaigns":false,"spay_email":""},"categories":[6],"tags":[148,316,153,586,176,175],"jetpack_featured_media_url":"","_links":{"self":[{"href":"https:\/\/cambiable-nutricion.com\/blog\/index.php\/wp-json\/wp\/v2\/posts\/216"}],"collection":[{"href":"https:\/\/cambiable-nutricion.com\/blog\/index.php\/wp-json\/wp\/v2\/posts"}],"about":[{"href":"https:\/\/cambiable-nutricion.com\/blog\/index.php\/wp-json\/wp\/v2\/types\/post"}],"author":[{"embeddable":true,"href":"https:\/\/cambiable-nutricion.com\/blog\/index.php\/wp-json\/wp\/v2\/users\/3"}],"replies":[{"embeddable":true,"href":"https:\/\/cambiable-nutricion.com\/blog\/index.php\/wp-json\/wp\/v2\/comments?post=216"}],"version-history":[{"count":16,"href":"https:\/\/cambiable-nutricion.com\/blog\/index.php\/wp-json\/wp\/v2\/posts\/216\/revisions"}],"predecessor-version":[{"id":2324,"href":"https:\/\/cambiable-nutricion.com\/blog\/index.php\/wp-json\/wp\/v2\/posts\/216\/revisions\/2324"}],"wp:attachment":[{"href":"https:\/\/cambiable-nutricion.com\/blog\/index.php\/wp-json\/wp\/v2\/media?parent=216"}],"wp:term":[{"taxonomy":"category","embeddable":true,"href":"https:\/\/cambiable-nutricion.com\/blog\/index.php\/wp-json\/wp\/v2\/categories?post=216"},{"taxonomy":"post_tag","embeddable":true,"href":"https:\/\/cambiable-nutricion.com\/blog\/index.php\/wp-json\/wp\/v2\/tags?post=216"}],"curies":[{"name":"wp","href":"https:\/\/api.w.org\/{rel}","templated":true}]}}